{"id":6116,"date":"2023-12-29T17:11:04","date_gmt":"2023-12-29T20:11:04","guid":{"rendered":"https:\/\/avamigraciones.com.ar\/?p=6116"},"modified":"2023-12-29T17:13:37","modified_gmt":"2023-12-29T20:13:37","slug":"importante-nuevos-requisitos-de-ingreso-a-brasil","status":"publish","type":"post","link":"https:\/\/avamigraciones.com.ar\/en\/importante-nuevos-requisitos-de-ingreso-a-brasil\/","title":{"rendered":"IMPORTANTE: REQUISITOS DE INGRESO A BRASIL"},"content":{"rendered":"<h3><strong>Brasil retoma su pol\u00edtica de reciprocidad y vuelve a exigir visas para titulares de pasaportes norteamericanos, australianos y canadienses.<\/strong><\/h3>\n\n\n\n<p>A partir del <strong>10 de enero de 2024,<\/strong> los titulares de pasaportes de Australia, Canad\u00e1 y Estados Unidos de Am\u00e9rica necesitar\u00e1n visa para ingresar a Brasil. <\/p>\n\n\n\n<p>Toda vez que a los ciudadanos brasileros aquellos paises les exigen visa para ingresar como turistas o por razones de negocios, Brasil decidi\u00f3 retomar su po\u00editca de reciprocidad en el trato, y comenzar\u00e1 a exigir visas a australianos, canadienses y norteamericanos como requisito de ingreso al territorio de aqu\u00e9l pa\u00eds.<\/p>\n\n\n\n<p>Sin embargo, el tr\u00e1mite de solicitud del visado correspondiente podr\u00e1 llevarse a cabo de manera electr\u00f3nica, previo pago de la tasa correspondiente.<\/p>\n\n\n\n<p>Quienes posean un visado f\u00edsico inserto en su pasaporte no necesitar\u00e1n aplicar para la visa electr\u00f3nica, pero quienes no lo posean deber\u00e1n hacerlo con anticipaci\u00f3n al viaje, a trav\u00e9s del siguiente link:  <a href=\"https:\/\/brazil.vfsevisa.com\/\">https:\/\/brazil.vfsevisa.com<\/a> en el que podr\u00e1n encontarse todas las indicaciones para ello.<\/p>\n\n\n\n<figure class=\"wp-block-image size-full is-resized\"><img loading=\"lazy\" src=\"https:\/\/avamigraciones.com.ar\/wp-content\/uploads\/2023\/12\/brazil-logo-1.png\" alt=\"\" class=\"wp-image-6118\" width=\"288\" height=\"219\"\/><figcaption>El lema \u00abOrdem e Progresso\u00bb (\u00aborden y progreso\u00bb) est\u00e1 inspirado en el lema del positivismo de Auguste Comte: \u00abL&#8217;amour pour principe et l&#8217;ordre pour base; le progr\u00e8s pour but\u00bb (\u2018El amor por principio, el orden por base, el progreso por fin\u2019, en franc\u00e9s).<\/figcaption><\/figure>","protected":false},"excerpt":{"rendered":"<p>Brasil retoma su pol\u00edtica de reciprocidad y vuelve a exigir visas para titulares de pasaportes norteamericanos, australianos y canadienses. A partir del 10 de enero de 2024, los titulares de pasaportes de Australia, Canad\u00e1 y Estados Unidos de Am\u00e9rica necesitar\u00e1n visa para ingresar a Brasil. Toda vez que a los ciudadanos brasileros aquellos paises les [&hellip;]<\/p>","protected":false},"author":4,"featured_media":6119,"comment_status":"closed","ping_status":"open","sticky":false,"template":"","format":"standard","meta":{"_et_pb_use_builder":"off","_et_pb_old_content":"","_et_gb_content_width":""},"categories":[1],"tags":[],"_links":{"self":[{"href":"https:\/\/avamigraciones.com.ar\/en\/wp-json\/wp\/v2\/posts\/6116"}],"collection":[{"href":"https:\/\/avamigraciones.com.ar\/en\/wp-json\/wp\/v2\/posts"}],"about":[{"href":"https:\/\/avamigraciones.com.ar\/en\/wp-json\/wp\/v2\/types\/post"}],"author":[{"embeddable":true,"href":"https:\/\/avamigraciones.com.ar\/en\/wp-json\/wp\/v2\/users\/4"}],"replies":[{"embeddable":true,"href":"https:\/\/avamigraciones.com.ar\/en\/wp-json\/wp\/v2\/comments?post=6116"}],"version-history":[{"count":8,"href":"https:\/\/avamigraciones.com.ar\/en\/wp-json\/wp\/v2\/posts\/6116\/revisions"}],"predecessor-version":[{"id":6127,"href":"https:\/\/avamigraciones.com.ar\/en\/wp-json\/wp\/v2\/posts\/6116\/revisions\/6127"}],"wp:featuredmedia":[{"embeddable":true,"href":"https:\/\/avamigraciones.com.ar\/en\/wp-json\/wp\/v2\/media\/6119"}],"wp:attachment":[{"href":"https:\/\/avamigraciones.com.ar\/en\/wp-json\/wp\/v2\/media?parent=6116"}],"wp:term":[{"taxonomy":"category","embeddable":true,"href":"https:\/\/avamigraciones.com.ar\/en\/wp-json\/wp\/v2\/categories?post=6116"},{"taxonomy":"post_tag","embeddable":true,"href":"https:\/\/avamigraciones.com.ar\/en\/wp-json\/wp\/v2\/tags?post=6116"}],"curies":[{"name":"wp","href":"https:\/\/api.w.org\/{rel}","templated":true}]}}