{"id":6146,"date":"2024-01-06T17:21:00","date_gmt":"2024-01-06T20:21:00","guid":{"rendered":"https:\/\/avamigraciones.com.ar\/?p=6146"},"modified":"2024-01-06T17:21:02","modified_gmt":"2024-01-06T20:21:02","slug":"brasil-pospone-la-entrada-en-vigencia-del-requisito-de-visa-para-australianos-canadienses-y-estadounidenses","status":"publish","type":"post","link":"https:\/\/avamigraciones.com.ar\/en\/brasil-pospone-la-entrada-en-vigencia-del-requisito-de-visa-para-australianos-canadienses-y-estadounidenses\/","title":{"rendered":"Brasil pospone la entrada en vigencia del requisito de visa para australianos, canadienses y estadounidenses."},"content":{"rendered":"<figure class=\"wp-block-image size-full\"><img loading=\"lazy\" width=\"275\" height=\"183\" src=\"https:\/\/avamigraciones.com.ar\/wp-content\/uploads\/2024\/01\/descarga-1.jpeg\" alt=\"\" class=\"wp-image-6149\" srcset=\"https:\/\/avamigraciones.com.ar\/wp-content\/uploads\/2024\/01\/descarga-1.jpeg 275w, https:\/\/avamigraciones.com.ar\/wp-content\/uploads\/2024\/01\/descarga-1-18x12.jpeg 18w\" sizes=\"(max-width: 275px) 100vw, 275px\" \/><figcaption>Para evitar eventuales problemas en la etapa de implementaci\u00f3n, el gobierno brasilero dispuso postergar la entrada en vigencia del requisito de visado para el mes de abril de 2024.<\/figcaption><\/figure>\n\n\n\n<p>Dado que el nuevo sistema est\u00e1 en etapa de finalizaci\u00f3n de su desarrollo e implementaci\u00f3n, las autoridades decidieron la pr\u00f3rroga, frente al inicio de la temporada tur\u00edstica y, fundamentalmente, ante la inminencia de las festividades de Carnaval previstas para el mes de febrero, que suelen atraer a miles de turistas de distintas partes del mundo.<\/p>\n\n\n\n<p><\/p>","protected":false},"excerpt":{"rendered":"<p>Dado que el nuevo sistema est\u00e1 en etapa de finalizaci\u00f3n de su desarrollo e implementaci\u00f3n, las autoridades decidieron la pr\u00f3rroga, frente al inicio de la temporada tur\u00edstica y, fundamentalmente, ante la inminencia de las festividades de Carnaval previstas para el mes de febrero, que suelen atraer a miles de turistas de distintas partes del mundo.<\/p>","protected":false},"author":4,"featured_media":6147,"comment_status":"closed","ping_status":"open","sticky":false,"template":"","format":"standard","meta":{"_et_pb_use_builder":"off","_et_pb_old_content":"","_et_gb_content_width":""},"categories":[1],"tags":[],"_links":{"self":[{"href":"https:\/\/avamigraciones.com.ar\/en\/wp-json\/wp\/v2\/posts\/6146"}],"collection":[{"href":"https:\/\/avamigraciones.com.ar\/en\/wp-json\/wp\/v2\/posts"}],"about":[{"href":"https:\/\/avamigraciones.com.ar\/en\/wp-json\/wp\/v2\/types\/post"}],"author":[{"embeddable":true,"href":"https:\/\/avamigraciones.com.ar\/en\/wp-json\/wp\/v2\/users\/4"}],"replies":[{"embeddable":true,"href":"https:\/\/avamigraciones.com.ar\/en\/wp-json\/wp\/v2\/comments?post=6146"}],"version-history":[{"count":5,"href":"https:\/\/avamigraciones.com.ar\/en\/wp-json\/wp\/v2\/posts\/6146\/revisions"}],"predecessor-version":[{"id":6154,"href":"https:\/\/avamigraciones.com.ar\/en\/wp-json\/wp\/v2\/posts\/6146\/revisions\/6154"}],"wp:featuredmedia":[{"embeddable":true,"href":"https:\/\/avamigraciones.com.ar\/en\/wp-json\/wp\/v2\/media\/6147"}],"wp:attachment":[{"href":"https:\/\/avamigraciones.com.ar\/en\/wp-json\/wp\/v2\/media?parent=6146"}],"wp:term":[{"taxonomy":"category","embeddable":true,"href":"https:\/\/avamigraciones.com.ar\/en\/wp-json\/wp\/v2\/categories?post=6146"},{"taxonomy":"post_tag","embeddable":true,"href":"https:\/\/avamigraciones.com.ar\/en\/wp-json\/wp\/v2\/tags?post=6146"}],"curies":[{"name":"wp","href":"https:\/\/api.w.org\/{rel}","templated":true}]}}